{"id":325,"date":"2021-01-05T00:30:00","date_gmt":"2021-01-04T23:30:00","guid":{"rendered":"http:\/\/www.imentia.com\/blog\/?p=325"},"modified":"2021-01-05T12:28:53","modified_gmt":"2021-01-05T11:28:53","slug":"alzheimer-perdida-la-memoria","status":"publish","type":"post","link":"https:\/\/www.imentia.com\/blog\/alzheimer-perdida-la-memoria\/","title":{"rendered":"Alzheimer: M\u00e1s que p\u00e9rdida de la memoria"},"content":{"rendered":"<h4>Alzheimer m\u00e1s que p\u00e9rdida de la memoria. \u00bfCu\u00e1ntas veces \u00a0escuchamos el t\u00e9rmino \u201cdemencia\u201d o <a href=\"https:\/\/es.wikipedia.org\/wiki\/Enfermedad_de_Alzheimer#:~:text=Sin%20embargo%2C%20una%20persona%20con,de%20movimiento%20o%20al%20caminar\">Alzheimer,<\/a> y lo asociamos \u00fanicamente con \u201cp\u00e9rdida de la memoria\u201d?<\/h4>\n<p><!--more--><\/p>\n<p>Si bien es cierto que uno de los s\u00edntomas de la \u201cdemencia\u201d es la p\u00e9rdida de la memoria. Las personas que padecen Alzheimer cursan con muchos otros s\u00edntomas. Entre ellos encontramos la alteraci\u00f3n de la conducta, distorsi\u00f3n en la manera de percibir lo que ocurre a su alrededor, disminuci\u00f3n de la coordinaci\u00f3n motriz, etc.. Es decir, todas las capacidades cognitivas se ven afectadas de manera progresiva. Por lo que el paciente llega a perder completamente su independencia, y deber\u00e1 estar bajo el cuidado de otra persona.<\/p>\n<h4>\u00bfCrees que la \u201cdemencia\u201d es normal en pacientes geri\u00e1tricos?<\/h4>\n<p>Es com\u00fan escuchar, que a medida que las personas se hacen adultos mayores, el deterioro cognitivo forma parte del proceso de envejecimiento. Pues esa creencia se ha desmentido, es natural que a cualquier edad olvidemos un nombre, un n\u00famero de tel\u00e9fono, o cosas muy puntuales. Sin embargo, cuando esas situaciones se vuelven m\u00e1s recurrentes y se intensifican, se puede sospechar de un indicio de \u201cdemencia\u201d. Sobre todo, si adem\u00e1s hay presencia de alg\u00fan s\u00edntoma expuesto en el p\u00e1rrafo anterior.<\/p>\n<p>Entonces, cuando se presume que la persona presenta principios de demencia, es importante llevarla a un especialista para hacer el diagn\u00f3stico. Y as\u00ed poder recibir el tratamiento farmacol\u00f3gico que requiera de acuerdo al tipo de demencia, y a la fase en la que se encuentre. Permiti\u00e9ndole de esta manera, mejorar su calidad de vida, durante un tiempo.<\/p>\n<h4><a href=\"https:\/\/www.imentia.com\/\">IMENTIA<\/a><\/h4>\n<p>Adem\u00e1s de los f\u00e1rmacos que se emplean para ralentizar el progreso de la enfermedad, tambi\u00e9n es importante estimular las capacidades cognitivas, bien sea a trav\u00e9s de ejercicios f\u00edsicos, o de destreza mental que mantengan al paciente activo intelectualmente, para evitar la evoluci\u00f3n r\u00e1pida de la misma. Una excelente alternativa puede ser IMENTIA, una Web\/App dirigida tanto a los pacientes, como a sus familiares y amigos (<a href=\"https:\/\/www.imentia.com\/blog\/imentia-family\/\">IMENTIA Family<\/a>), y que consiste en actividades de <a href=\"http:\/\/www.imentia.com\/blog\/estimulacion-cognitiva-alzheimer\/\">estimulaci\u00f3n cognitiva<\/a>, que a su vez permiten detectar de forma temprana, si hay alguna se\u00f1al de Alzheimer u otro tipo de demencia.<\/p>\n<p>Asimismo, el equipo de IMENTIA le brinda una herramienta a los profesionales de la salud (<a href=\"https:\/\/www.imentia.com\/blog\/imentia-pro\/\">IMENTIA Pro<\/a>), donde podr\u00e1n evaluar el progreso de sus pacientes, bas\u00e1ndose en los resultados obtenidos de los ejercicios previamente indicados, individualmente, pertinentes a cada caso en particular.<\/p>\n","protected":false},"excerpt":{"rendered":"<p>Alzheimer m\u00e1s que p\u00e9rdida de la memoria. \u00bfCu\u00e1ntas veces \u00a0escuchamos el t\u00e9rmino \u201cdemencia\u201d o Alzheimer, y lo asociamos \u00fanicamente con \u201cp\u00e9rdida de la memoria\u201d?<\/p>\n","protected":false},"author":1,"featured_media":329,"comment_status":"closed","ping_status":"open","sticky":false,"template":"","format":"standard","meta":[],"categories":[3],"tags":[],"_links":{"self":[{"href":"https:\/\/www.imentia.com\/blog\/wp-json\/wp\/v2\/posts\/325"}],"collection":[{"href":"https:\/\/www.imentia.com\/blog\/wp-json\/wp\/v2\/posts"}],"about":[{"href":"https:\/\/www.imentia.com\/blog\/wp-json\/wp\/v2\/types\/post"}],"author":[{"embeddable":true,"href":"https:\/\/www.imentia.com\/blog\/wp-json\/wp\/v2\/users\/1"}],"replies":[{"embeddable":true,"href":"https:\/\/www.imentia.com\/blog\/wp-json\/wp\/v2\/comments?post=325"}],"version-history":[{"count":5,"href":"https:\/\/www.imentia.com\/blog\/wp-json\/wp\/v2\/posts\/325\/revisions"}],"predecessor-version":[{"id":1455,"href":"https:\/\/www.imentia.com\/blog\/wp-json\/wp\/v2\/posts\/325\/revisions\/1455"}],"wp:featuredmedia":[{"embeddable":true,"href":"https:\/\/www.imentia.com\/blog\/wp-json\/wp\/v2\/media\/329"}],"wp:attachment":[{"href":"https:\/\/www.imentia.com\/blog\/wp-json\/wp\/v2\/media?parent=325"}],"wp:term":[{"taxonomy":"category","embeddable":true,"href":"https:\/\/www.imentia.com\/blog\/wp-json\/wp\/v2\/categories?post=325"},{"taxonomy":"post_tag","embeddable":true,"href":"https:\/\/www.imentia.com\/blog\/wp-json\/wp\/v2\/tags?post=325"}],"curies":[{"name":"wp","href":"https:\/\/api.w.org\/{rel}","templated":true}]}}