{"id":289,"date":"2021-01-30T11:53:23","date_gmt":"2021-01-30T10:53:23","guid":{"rendered":"http:\/\/www.imentia.com\/blog\/?p=289"},"modified":"2021-01-22T12:24:23","modified_gmt":"2021-01-22T11:24:23","slug":"garcia-marquez-alzheimer","status":"publish","type":"post","link":"https:\/\/www.imentia.com\/blog\/garcia-marquez-alzheimer\/","title":{"rendered":"Gabriel Garc\u00eda M\u00e1rquez y el Alzheimer"},"content":{"rendered":"<p><span style=\"font-size: inherit;\">Entre las maravillosas obras de <a href=\"https:\/\/es.wikipedia.org\/wiki\/Gabriel_Garc%C3%ADa_M%C3%A1rquez\">Gabriel Garc\u00eda M\u00e1rquez<\/a>, encontramos la inmortal \u201cCien a\u00f1os de Soledad\u201d. Donde se narra la historia de la familia \u201cBuend\u00eda\u201d, que gira en torno al matrimonio incestuoso de Jos\u00e9 Arcadio Buend\u00eda y su prima \u00darsula. Quienes deciden fundar un nuevo pueblo (\u201cMacondo\u201d), tras el asesinato de Prudencio Aguilar a manos de Jos\u00e9. En esta obra apreciamos cierta relaci\u00f3n entre Gabriel Garc\u00eda M\u00e1rquez y el Alzheimer.<\/span><\/p>\n<p>Una vez que comienza a crecer la descendencia y otras personas a poblar \u201cMacondo\u201d, se suceden una serie de eventos alrededor de esta prole. Uno de los acontecimientos que se desarrolla en el transcurso del relato, fue una \u201cplaga\u201d que afect\u00f3 a esta aldea. Cuya sintomatolog\u00eda era insomnio y p\u00e9rdida total de la memoria. Dos de los personajes principales fueron perjudicados por esta epidemia. Y a pesar de sus esfuerzos por luchar en contra de la misma, e incluso crear una \u201cm\u00e1quina de recuerdos\u201d y etiquetar todos los objetos con su nombre, no lograron superarla.<\/p>\n<p>Si bien es una cr\u00f3nica ficticia, ese fragmento de la historia, podr\u00eda tomarse como una analog\u00eda de la enfermedad de <a href=\"http:\/\/www.imentia.com\/blog\/alzheimer-imentia\/\">Alzheimer.<\/a> Gabriel Garc\u00eda M\u00e1rquez y el Alzheimer, mal que se cre\u00eda sufri\u00f3 Garc\u00eda M\u00e1rquez antes de morir a sus 87 a\u00f1os de edad, y un posible factor causante de su deceso. As\u00ed como el gran \u201cGabo\u201d, hay muchos otros personajes influyentes de la historia que\u00a0 padecieron Alzheimer, como por ejemplo Ronald Reagan, Margaret Thatcher, entre muchos otros.<\/p>\n<h3>Alternativas para ralentizar el Alzheimer<\/h3>\n<p>Es de notar, que a lo largo de los a\u00f1os esta enfermedad neurodegenerativa, afecta cada vez a m\u00e1s personas sin distinci\u00f3n de g\u00e9nero, edad, o estatus socio-ec\u00f3nomico. Y aunque los <a href=\"http:\/\/www.imentia.com\/blog\/asc-la-proteina-de-la-discordia-para-el-alzheimer\/\">estudios<\/a> para hallar su cura han sido incesantes, hasta hoy sigue siendo un \u201cmisterio\u201d. \u00a0Sin embargo han ido apareciendo diferentes terapias que al menos ralentizan el curso de la enfermedad, y mejoran la calidad de vida de los pacientes.<\/p>\n<h4>IMENTIA<\/h4>\n<p>Tal es el caso de <a href=\"https:\/\/www.imentia.com\/\">IMENTIA<\/a>, una Web\/App que se basa en la estimulaci\u00f3n de las capacidades cognitivas, a trav\u00e9s de actividades de destreza mental. (<a href=\"https:\/\/www.imentia.com\/blog\/imentia-family\/\">IMENTIA Family<\/a>) dirigida a las personas con Alzheimer y a sus familiares y amigos que est\u00e9n a disposici\u00f3n de participar. Igualmente, propone una variaci\u00f3n de la App (<a href=\"https:\/\/www.imentia.com\/blog\/imentia-pro\/\">IMENTIA Pro<\/a>) para facilitar una evaluaci\u00f3n constante por parte del profesional de la salud. Donde podr\u00e1 medir el progreso de sus pacientes, con los resultados obtenidos en las actividades previamente indicadas de manera individualizada.<\/p>\n","protected":false},"excerpt":{"rendered":"<p>Entre las maravillosas obras de Gabriel Garc\u00eda M\u00e1rquez, encontramos la inmortal \u201cCien a\u00f1os de Soledad\u201d. Donde se narra la historia de la familia \u201cBuend\u00eda\u201d, que gira en torno al matrimonio incestuoso de Jos\u00e9 Arcadio Buend\u00eda y su prima \u00darsula. Quienes deciden fundar un nuevo pueblo (\u201cMacondo\u201d), tras el asesinato de Prudencio Aguilar a manos de [&hellip;]<\/p>\n","protected":false},"author":1,"featured_media":291,"comment_status":"closed","ping_status":"open","sticky":false,"template":"","format":"standard","meta":[],"categories":[3],"tags":[],"_links":{"self":[{"href":"https:\/\/www.imentia.com\/blog\/wp-json\/wp\/v2\/posts\/289"}],"collection":[{"href":"https:\/\/www.imentia.com\/blog\/wp-json\/wp\/v2\/posts"}],"about":[{"href":"https:\/\/www.imentia.com\/blog\/wp-json\/wp\/v2\/types\/post"}],"author":[{"embeddable":true,"href":"https:\/\/www.imentia.com\/blog\/wp-json\/wp\/v2\/users\/1"}],"replies":[{"embeddable":true,"href":"https:\/\/www.imentia.com\/blog\/wp-json\/wp\/v2\/comments?post=289"}],"version-history":[{"count":10,"href":"https:\/\/www.imentia.com\/blog\/wp-json\/wp\/v2\/posts\/289\/revisions"}],"predecessor-version":[{"id":1492,"href":"https:\/\/www.imentia.com\/blog\/wp-json\/wp\/v2\/posts\/289\/revisions\/1492"}],"wp:featuredmedia":[{"embeddable":true,"href":"https:\/\/www.imentia.com\/blog\/wp-json\/wp\/v2\/media\/291"}],"wp:attachment":[{"href":"https:\/\/www.imentia.com\/blog\/wp-json\/wp\/v2\/media?parent=289"}],"wp:term":[{"taxonomy":"category","embeddable":true,"href":"https:\/\/www.imentia.com\/blog\/wp-json\/wp\/v2\/categories?post=289"},{"taxonomy":"post_tag","embeddable":true,"href":"https:\/\/www.imentia.com\/blog\/wp-json\/wp\/v2\/tags?post=289"}],"curies":[{"name":"wp","href":"https:\/\/api.w.org\/{rel}","templated":true}]}}