{"id":2429,"date":"2023-04-03T10:55:23","date_gmt":"2023-04-03T09:55:23","guid":{"rendered":"https:\/\/www.imentia.com\/blog\/?p=2429"},"modified":"2023-04-03T11:27:44","modified_gmt":"2023-04-03T10:27:44","slug":"celulas-senescentes","status":"publish","type":"post","link":"https:\/\/www.imentia.com\/blog\/celulas-senescentes\/","title":{"rendered":"Las c\u00e9lulas senescentes es la curaci\u00f3n de los tejidos da\u00f1ados"},"content":{"rendered":"\t\t<div data-elementor-type=\"wp-post\" data-elementor-id=\"2429\" class=\"elementor elementor-2429\">\n\t\t\t\t\t\t<div class=\"elementor-inner\">\n\t\t\t\t<div class=\"elementor-section-wrap\">\n\t\t\t\t\t\t\t\t\t<section class=\"elementor-section elementor-top-section elementor-element elementor-element-32635fd elementor-section-boxed elementor-section-height-default elementor-section-height-default\" data-id=\"32635fd\" data-element_type=\"section\">\n\t\t\t\t\t\t<div class=\"elementor-container elementor-column-gap-default\">\n\t\t\t\t\t\t\t<div class=\"elementor-row\">\n\t\t\t\t\t<div class=\"elementor-column elementor-col-100 elementor-top-column elementor-element elementor-element-51f4d0a\" data-id=\"51f4d0a\" data-element_type=\"column\">\n\t\t\t<div class=\"elementor-column-wrap elementor-element-populated\">\n\t\t\t\t\t\t\t<div class=\"elementor-widget-wrap\">\n\t\t\t\t\t\t<div class=\"elementor-element elementor-element-0cda380 elementor-widget elementor-widget-text-editor\" data-id=\"0cda380\" data-element_type=\"widget\" data-widget_type=\"text-editor.default\">\n\t\t\t\t<div class=\"elementor-widget-container\">\n\t\t\t\t\t\t\t\t<div class=\"elementor-text-editor elementor-clearfix\">\n\t\t\t\t<p><span style=\"font-weight: 400;\">Recientemente, se ha descubierto que las c\u00e9lulas senescentes, es decir, las c\u00e9lulas envejecidas que han perdido la capacidad de dividirse, podr\u00edan tener un papel importante en la curaci\u00f3n de los tejidos da\u00f1ados en el cuerpo.<\/span><\/p><p><span style=\"font-weight: 400;\">Durante mucho tiempo, se crey\u00f3 que las c\u00e9lulas senescentes eran perjudiciales para el cuerpo, ya que se acumulan con el tiempo y se sabe que est\u00e1n involucradas en el envejecimiento y las enfermedades relacionadas con la edad. Sin embargo, investigaciones recientes han demostrado que estas c\u00e9lulas tambi\u00e9n tienen un lado positivo.<\/span><\/p><p><span style=\"font-weight: 400;\"><strong>Un estudio realizado por investigadores de la Universidad de California en San Francisco encontr\u00f3<\/strong> que las c\u00e9lulas senescentes pueden desempe\u00f1ar un papel clave en la curaci\u00f3n de las heridas. Los investigadores descubrieron que cuando una herida se produce en un tejido, las c\u00e9lulas senescentes cercanas a la zona da\u00f1ada se activan y secretan una serie de factores de crecimiento y prote\u00ednas que ayudan a iniciar y promover el proceso de curaci\u00f3n.<\/span><\/p>\t\t\t\t\t<\/div>\n\t\t\t\t\t\t<\/div>\n\t\t\t\t<\/div>\n\t\t\t\t\t\t<\/div>\n\t\t\t\t\t<\/div>\n\t\t<\/div>\n\t\t\t\t\t\t\t\t<\/div>\n\t\t\t\t\t<\/div>\n\t\t<\/section>\n\t\t\t\t<section class=\"elementor-section elementor-top-section elementor-element elementor-element-c60238c elementor-section-boxed elementor-section-height-default elementor-section-height-default\" data-id=\"c60238c\" data-element_type=\"section\">\n\t\t\t\t\t\t<div class=\"elementor-container elementor-column-gap-default\">\n\t\t\t\t\t\t\t<div class=\"elementor-row\">\n\t\t\t\t\t<div class=\"elementor-column elementor-col-100 elementor-top-column elementor-element elementor-element-786e062\" data-id=\"786e062\" data-element_type=\"column\">\n\t\t\t<div class=\"elementor-column-wrap elementor-element-populated\">\n\t\t\t\t\t\t\t<div class=\"elementor-widget-wrap\">\n\t\t\t\t\t\t<div class=\"elementor-element elementor-element-ac1e56d elementor-widget elementor-widget-image\" data-id=\"ac1e56d\" data-element_type=\"widget\" data-widget_type=\"image.default\">\n\t\t\t\t<div class=\"elementor-widget-container\">\n\t\t\t\t\t\t\t\t<div class=\"elementor-image\">\n\t\t\t\t\t\t\t\t\t<figure class=\"wp-caption\">\n\t\t\t\t\t\t\t\t\t\t<img width=\"1024\" height=\"482\" src=\"https:\/\/www.imentia.com\/blog\/wp-content\/uploads\/2023\/04\/las-neuronas-de-dopamina-senescentes-rojas-desencadenan-una-inflamacion-local-y-son-atacadas-por-las-celulas-inmunitarias-del-cerebro-la-microglia-verde-the-rockefeller-university-1024x482.jpeg\" class=\"attachment-large size-large wp-image-2430\" alt=\"Las neuronas senescentes (rojas) desencadenan una inflamaci\u00f3n local y son atacadas por las c\u00e9lulas inmunitarias del cerebro (verdes) (Foto. The Rockefeller University)\" loading=\"lazy\" srcset=\"https:\/\/www.imentia.com\/blog\/wp-content\/uploads\/2023\/04\/las-neuronas-de-dopamina-senescentes-rojas-desencadenan-una-inflamacion-local-y-son-atacadas-por-las-celulas-inmunitarias-del-cerebro-la-microglia-verde-the-rockefeller-university-1024x482.jpeg 1024w, https:\/\/www.imentia.com\/blog\/wp-content\/uploads\/2023\/04\/las-neuronas-de-dopamina-senescentes-rojas-desencadenan-una-inflamacion-local-y-son-atacadas-por-las-celulas-inmunitarias-del-cerebro-la-microglia-verde-the-rockefeller-university-300x141.jpeg 300w, https:\/\/www.imentia.com\/blog\/wp-content\/uploads\/2023\/04\/las-neuronas-de-dopamina-senescentes-rojas-desencadenan-una-inflamacion-local-y-son-atacadas-por-las-celulas-inmunitarias-del-cerebro-la-microglia-verde-the-rockefeller-university-768x362.jpeg 768w, https:\/\/www.imentia.com\/blog\/wp-content\/uploads\/2023\/04\/las-neuronas-de-dopamina-senescentes-rojas-desencadenan-una-inflamacion-local-y-son-atacadas-por-las-celulas-inmunitarias-del-cerebro-la-microglia-verde-the-rockefeller-university.jpeg 1200w\" sizes=\"(max-width: 1024px) 100vw, 1024px\" \/>\t\t\t\t\t\t\t\t\t\t\t<figcaption class=\"widget-image-caption wp-caption-text\">Las neuronas senescentes (rojas) desencadenan una inflamaci\u00f3n local y son atacadas por las c\u00e9lulas inmunitarias del cerebro (verdes) (Foto. The Rockefeller University)<\/figcaption>\n\t\t\t\t\t\t\t\t\t\t<\/figure>\n\t\t\t\t\t\t\t\t<\/div>\n\t\t\t\t\t\t<\/div>\n\t\t\t\t<\/div>\n\t\t\t\t\t\t<\/div>\n\t\t\t\t\t<\/div>\n\t\t<\/div>\n\t\t\t\t\t\t\t\t<\/div>\n\t\t\t\t\t<\/div>\n\t\t<\/section>\n\t\t\t\t<section class=\"elementor-section elementor-top-section elementor-element elementor-element-297e851 elementor-section-boxed elementor-section-height-default elementor-section-height-default\" data-id=\"297e851\" data-element_type=\"section\">\n\t\t\t\t\t\t<div class=\"elementor-container elementor-column-gap-default\">\n\t\t\t\t\t\t\t<div class=\"elementor-row\">\n\t\t\t\t\t<div class=\"elementor-column elementor-col-100 elementor-top-column elementor-element elementor-element-1a0433d\" data-id=\"1a0433d\" data-element_type=\"column\">\n\t\t\t<div class=\"elementor-column-wrap elementor-element-populated\">\n\t\t\t\t\t\t\t<div class=\"elementor-widget-wrap\">\n\t\t\t\t\t\t<div class=\"elementor-element elementor-element-3a64972 elementor-widget elementor-widget-text-editor\" data-id=\"3a64972\" data-element_type=\"widget\" data-widget_type=\"text-editor.default\">\n\t\t\t\t<div class=\"elementor-widget-container\">\n\t\t\t\t\t\t\t\t<div class=\"elementor-text-editor elementor-clearfix\">\n\t\t\t\t<p><span style=\"font-weight: 400;\">Adem\u00e1s, otro estudio procedido por investigadores de la Universidad de Groningen en los Pa\u00edses Bajos <strong>encontr\u00f3 que las c\u00e9lulas senescentes tambi\u00e9n pueden ayudar a reparar el tejido muscular da\u00f1ado<\/strong>. Los investigadores descubrieron que cuando las c\u00e9lulas musculares se da\u00f1an, las c\u00e9lulas senescentes cercanas a la zona da\u00f1ada se activan y secretan factores de crecimiento que estimulan la regeneraci\u00f3n muscular.<\/span><\/p><p><span style=\"font-weight: 400;\">Estos estudios sugieren que las c\u00e9lulas senescentes pueden tener un papel importante en la curaci\u00f3n de los tejidos da\u00f1ados y podr\u00edan tener aplicaciones terap\u00e9uticas en el futuro. Por ejemplo, los investigadores est\u00e1n investigando la posibilidad de utilizar terapias que estimulen la activaci\u00f3n de c\u00e9lulas senescentes para ayudar en la curaci\u00f3n de heridas y la regeneraci\u00f3n muscular en personas mayores o con enfermedades cr\u00f3nicas.<\/span><\/p><p><span style=\"font-weight: 400;\">En resumen, aunque durante mucho tiempo se crey\u00f3 que las c\u00e9lulas senescentes eran perjudiciales para el cuerpo, los estudios m\u00e1s recientes recomiendan que estas c\u00e9lulas <strong>tambi\u00e9n pueden tener un lado positivo y desempe\u00f1ar<\/strong> un papel relevante en la curaci\u00f3n de los tejidos da\u00f1ados. A medida que los investigadores contin\u00faan investigando este fen\u00f3meno, es posible que en el futuro se desarrollen nuevas terapias y tratamientos basados en la activaci\u00f3n de c\u00e9lulas senescentes para mejorar la curaci\u00f3n de heridas y la regeneraci\u00f3n de tejidos en el cuerpo humano.<\/span><\/p>\t\t\t\t\t<\/div>\n\t\t\t\t\t\t<\/div>\n\t\t\t\t<\/div>\n\t\t\t\t\t\t<\/div>\n\t\t\t\t\t<\/div>\n\t\t<\/div>\n\t\t\t\t\t\t\t\t<\/div>\n\t\t\t\t\t<\/div>\n\t\t<\/section>\n\t\t\t\t\t\t\t\t\t<\/div>\n\t\t\t<\/div>\n\t\t\t\t\t<\/div>\n\t\t","protected":false},"excerpt":{"rendered":"<p>Un estudio realizado por investigadores de la Universidad de California en San Francisco encontr\u00f3 que las c\u00e9lulas senescentes pueden desempe\u00f1ar un papel clave en la curaci\u00f3n de las heridas. Los investigadores descubrieron que cuando una herida se produce en un tejido, las c\u00e9lulas senescentes cercanas a la zona da\u00f1ada se activan y secretan una serie de factores de crecimiento y prote\u00ednas que ayudan a iniciar y promover el proceso de curaci\u00f3n.<\/p>\n","protected":false},"author":1,"featured_media":2430,"comment_status":"closed","ping_status":"open","sticky":false,"template":"","format":"standard","meta":[],"categories":[3],"tags":[10],"_links":{"self":[{"href":"https:\/\/www.imentia.com\/blog\/wp-json\/wp\/v2\/posts\/2429"}],"collection":[{"href":"https:\/\/www.imentia.com\/blog\/wp-json\/wp\/v2\/posts"}],"about":[{"href":"https:\/\/www.imentia.com\/blog\/wp-json\/wp\/v2\/types\/post"}],"author":[{"embeddable":true,"href":"https:\/\/www.imentia.com\/blog\/wp-json\/wp\/v2\/users\/1"}],"replies":[{"embeddable":true,"href":"https:\/\/www.imentia.com\/blog\/wp-json\/wp\/v2\/comments?post=2429"}],"version-history":[{"count":13,"href":"https:\/\/www.imentia.com\/blog\/wp-json\/wp\/v2\/posts\/2429\/revisions"}],"predecessor-version":[{"id":2467,"href":"https:\/\/www.imentia.com\/blog\/wp-json\/wp\/v2\/posts\/2429\/revisions\/2467"}],"wp:featuredmedia":[{"embeddable":true,"href":"https:\/\/www.imentia.com\/blog\/wp-json\/wp\/v2\/media\/2430"}],"wp:attachment":[{"href":"https:\/\/www.imentia.com\/blog\/wp-json\/wp\/v2\/media?parent=2429"}],"wp:term":[{"taxonomy":"category","embeddable":true,"href":"https:\/\/www.imentia.com\/blog\/wp-json\/wp\/v2\/categories?post=2429"},{"taxonomy":"post_tag","embeddable":true,"href":"https:\/\/www.imentia.com\/blog\/wp-json\/wp\/v2\/tags?post=2429"}],"curies":[{"name":"wp","href":"https:\/\/api.w.org\/{rel}","templated":true}]}}