{"id":2416,"date":"2023-02-12T13:53:38","date_gmt":"2023-02-12T12:53:38","guid":{"rendered":"https:\/\/www.imentia.com\/blog\/?p=2416"},"modified":"2023-02-13T09:12:59","modified_gmt":"2023-02-13T08:12:59","slug":"alzheimer-joven-17-anos","status":"publish","type":"post","link":"https:\/\/www.imentia.com\/blog\/alzheimer-joven-17-anos\/","title":{"rendered":"Reportan el primer caso de Alzheimer en un joven de 19 a\u00f1os"},"content":{"rendered":"\t\t<div data-elementor-type=\"wp-post\" data-elementor-id=\"2416\" class=\"elementor elementor-2416\">\n\t\t\t\t\t\t<div class=\"elementor-inner\">\n\t\t\t\t<div class=\"elementor-section-wrap\">\n\t\t\t\t\t\t\t\t\t<section class=\"elementor-section elementor-top-section elementor-element elementor-element-aceeaf1 elementor-section-boxed elementor-section-height-default elementor-section-height-default\" data-id=\"aceeaf1\" data-element_type=\"section\">\n\t\t\t\t\t\t<div class=\"elementor-container elementor-column-gap-default\">\n\t\t\t\t\t\t\t<div class=\"elementor-row\">\n\t\t\t\t\t<div class=\"elementor-column elementor-col-100 elementor-top-column elementor-element elementor-element-139e208\" data-id=\"139e208\" data-element_type=\"column\">\n\t\t\t<div class=\"elementor-column-wrap elementor-element-populated\">\n\t\t\t\t\t\t\t<div class=\"elementor-widget-wrap\">\n\t\t\t\t\t\t<div class=\"elementor-element elementor-element-b23eb23 elementor-widget elementor-widget-text-editor\" data-id=\"b23eb23\" data-element_type=\"widget\" data-widget_type=\"text-editor.default\">\n\t\t\t\t<div class=\"elementor-widget-container\">\n\t\t\t\t\t\t\t\t<div class=\"elementor-text-editor elementor-clearfix\">\n\t\t\t\t<p>Un reciente estudio publicado en la revista cient\u00edfica Journal of Alzheimer&#8217;s Disease ha llamado la atenci\u00f3n sobre un caso sorprendente de un joven de 19 a\u00f1os que podr\u00eda convertirse en el primer adolescente con Alzheimer.<\/p><p>Los expertos del Centro de Innovaci\u00f3n para Des\u00f3rdenes Neurol\u00f3gicos en Pek\u00edn informaron que el joven comenz\u00f3 a experimentar problemas de memoria y <strong>concentraci\u00f3n a los 17 a\u00f1os<\/strong>, y un a\u00f1o despu\u00e9s presentaba una p\u00e9rdida significativa de memoria que le imped\u00eda recordar eventos del d\u00eda anterior o d\u00f3nde hab\u00eda guardado sus pertenencias.<\/p><p>Adem\u00e1s, su capacidad para leer se vio afectada y sus reacciones se volvieron m\u00e1s lentas. El deterioro gradual de su memoria llev\u00f3 al joven a abandonar la escuela secundaria y no poder recordar si hab\u00eda comido o no. La l\u00edder del estudio, Jia Jianping, hizo un llamado a prestar m\u00e1s atenci\u00f3n a la posibilidad de que el Alzheimer tambi\u00e9n pueda manifestarse en personas j\u00f3venes, especialmente teniendo en cuenta que en la familia del joven no hab\u00eda historial de la enfermedad y que \u00e9l no ten\u00eda problemas gen\u00e9ticos que pudieran ser considerados la causa de su p\u00e9rdida de memoria.<\/p>\t\t\t\t\t<\/div>\n\t\t\t\t\t\t<\/div>\n\t\t\t\t<\/div>\n\t\t\t\t\t\t<\/div>\n\t\t\t\t\t<\/div>\n\t\t<\/div>\n\t\t\t\t\t\t\t\t<\/div>\n\t\t\t\t\t<\/div>\n\t\t<\/section>\n\t\t\t\t<section class=\"elementor-section elementor-top-section elementor-element elementor-element-710e595 elementor-section-boxed elementor-section-height-default elementor-section-height-default\" data-id=\"710e595\" data-element_type=\"section\">\n\t\t\t\t\t\t<div class=\"elementor-container elementor-column-gap-default\">\n\t\t\t\t\t\t\t<div class=\"elementor-row\">\n\t\t\t\t\t<div class=\"elementor-column elementor-col-100 elementor-top-column elementor-element elementor-element-5ed49ec\" data-id=\"5ed49ec\" data-element_type=\"column\">\n\t\t\t<div class=\"elementor-column-wrap elementor-element-populated\">\n\t\t\t\t\t\t\t<div class=\"elementor-widget-wrap\">\n\t\t\t\t\t\t<div class=\"elementor-element elementor-element-d43717f elementor-widget elementor-widget-image\" data-id=\"d43717f\" data-element_type=\"widget\" data-widget_type=\"image.default\">\n\t\t\t\t<div class=\"elementor-widget-container\">\n\t\t\t\t\t\t\t\t<div class=\"elementor-image\">\n\t\t\t\t\t\t\t\t\t\t\t\t<img width=\"1024\" height=\"683\" src=\"https:\/\/www.imentia.com\/blog\/wp-content\/uploads\/2023\/02\/Reportan-el-primer-caso-de-Alzheimer-2023-1024x683.jpg\" class=\"attachment-large size-large wp-image-2417\" alt=\"\" loading=\"lazy\" srcset=\"https:\/\/www.imentia.com\/blog\/wp-content\/uploads\/2023\/02\/Reportan-el-primer-caso-de-Alzheimer-2023-1024x683.jpg 1024w, https:\/\/www.imentia.com\/blog\/wp-content\/uploads\/2023\/02\/Reportan-el-primer-caso-de-Alzheimer-2023-300x200.jpg 300w, https:\/\/www.imentia.com\/blog\/wp-content\/uploads\/2023\/02\/Reportan-el-primer-caso-de-Alzheimer-2023-768x512.jpg 768w, https:\/\/www.imentia.com\/blog\/wp-content\/uploads\/2023\/02\/Reportan-el-primer-caso-de-Alzheimer-2023-1536x1024.jpg 1536w, https:\/\/www.imentia.com\/blog\/wp-content\/uploads\/2023\/02\/Reportan-el-primer-caso-de-Alzheimer-2023-2048x1365.jpg 2048w\" sizes=\"(max-width: 1024px) 100vw, 1024px\" \/>\t\t\t\t\t\t\t\t\t\t\t\t\t\t<\/div>\n\t\t\t\t\t\t<\/div>\n\t\t\t\t<\/div>\n\t\t\t\t\t\t<\/div>\n\t\t\t\t\t<\/div>\n\t\t<\/div>\n\t\t\t\t\t\t\t\t<\/div>\n\t\t\t\t\t<\/div>\n\t\t<\/section>\n\t\t\t\t<section class=\"elementor-section elementor-top-section elementor-element elementor-element-575b136 elementor-section-boxed elementor-section-height-default elementor-section-height-default\" data-id=\"575b136\" data-element_type=\"section\">\n\t\t\t\t\t\t<div class=\"elementor-container elementor-column-gap-default\">\n\t\t\t\t\t\t\t<div class=\"elementor-row\">\n\t\t\t\t\t<div class=\"elementor-column elementor-col-100 elementor-top-column elementor-element elementor-element-90b0cde\" data-id=\"90b0cde\" data-element_type=\"column\">\n\t\t\t<div class=\"elementor-column-wrap elementor-element-populated\">\n\t\t\t\t\t\t\t<div class=\"elementor-widget-wrap\">\n\t\t\t\t\t\t<div class=\"elementor-element elementor-element-828682c elementor-widget elementor-widget-text-editor\" data-id=\"828682c\" data-element_type=\"widget\" data-widget_type=\"text-editor.default\">\n\t\t\t\t<div class=\"elementor-widget-container\">\n\t\t\t\t\t\t\t\t<div class=\"elementor-text-editor elementor-clearfix\">\n\t\t\t\t<p><span style=\"font-weight: 400;\">El doctor Jia Longfei, coautor de la investigaci\u00f3n y del departamento de neurolog\u00eda del Hospital de Xuanwu, <strong>destac\u00f3 que el caso es inusual no solo por la edad del joven, sino tambi\u00e9n porque no hay casos similares en el historial familiar ni tampoco se han detectado alteraciones gen\u00e9ticas<\/strong>. Sin embargo, se est\u00e1n detectando cada vez m\u00e1s casos de Alzheimer en edades comprendidas entre los 20 y los 40 a\u00f1os debido a los avances en la tecnolog\u00eda de detecci\u00f3n de la enfermedad.<\/span><\/p><p><span style=\"font-weight: 400;\">Este caso ha generado una importante discusi\u00f3n sobre la importancia de prestar m\u00e1s atenci\u00f3n a la prevenci\u00f3n y detecci\u00f3n temprana del Alzheimer en personas j\u00f3venes, y sobre la necesidad de investigar m\u00e1s a fondo la causa de la enfermedad en estos casos. Es fundamental destacar que aunque el Alzheimer sigue siendo visto como una enfermedad de la tercera edad, este caso sugiere que es posible que tambi\u00e9n pueda manifestarse en personas m\u00e1s j\u00f3venes. Por lo tanto, es crucial sensibilizar a la sociedad sobre la importancia de cuidar la salud mental desde edades tempranas y sobre la necesidad de realizar m\u00e1s investigaciones en esta \u00e1rea.<\/span><\/p>\t\t\t\t\t<\/div>\n\t\t\t\t\t\t<\/div>\n\t\t\t\t<\/div>\n\t\t\t\t\t\t<\/div>\n\t\t\t\t\t<\/div>\n\t\t<\/div>\n\t\t\t\t\t\t\t\t<\/div>\n\t\t\t\t\t<\/div>\n\t\t<\/section>\n\t\t\t\t\t\t\t\t\t<\/div>\n\t\t\t<\/div>\n\t\t\t\t\t<\/div>\n\t\t","protected":false},"excerpt":{"rendered":"<p>Un reciente estudio publicado en la revista cient\u00edfica Journal of Alzheimer&#8217;s Disease ha llamado la atenci\u00f3n sobre un caso sorprendente de un joven de 19 a\u00f1os que podr\u00eda convertirse en el primer adolescente con Alzheimer. Los expertos del Centro de Innovaci\u00f3n para Des\u00f3rdenes Neurol\u00f3gicos en Pek\u00edn informaron que el joven comenz\u00f3 a experimentar problemas de [&hellip;]<\/p>\n","protected":false},"author":1,"featured_media":2418,"comment_status":"closed","ping_status":"open","sticky":false,"template":"","format":"standard","meta":[],"categories":[3],"tags":[10,15],"_links":{"self":[{"href":"https:\/\/www.imentia.com\/blog\/wp-json\/wp\/v2\/posts\/2416"}],"collection":[{"href":"https:\/\/www.imentia.com\/blog\/wp-json\/wp\/v2\/posts"}],"about":[{"href":"https:\/\/www.imentia.com\/blog\/wp-json\/wp\/v2\/types\/post"}],"author":[{"embeddable":true,"href":"https:\/\/www.imentia.com\/blog\/wp-json\/wp\/v2\/users\/1"}],"replies":[{"embeddable":true,"href":"https:\/\/www.imentia.com\/blog\/wp-json\/wp\/v2\/comments?post=2416"}],"version-history":[{"count":8,"href":"https:\/\/www.imentia.com\/blog\/wp-json\/wp\/v2\/posts\/2416\/revisions"}],"predecessor-version":[{"id":2426,"href":"https:\/\/www.imentia.com\/blog\/wp-json\/wp\/v2\/posts\/2416\/revisions\/2426"}],"wp:featuredmedia":[{"embeddable":true,"href":"https:\/\/www.imentia.com\/blog\/wp-json\/wp\/v2\/media\/2418"}],"wp:attachment":[{"href":"https:\/\/www.imentia.com\/blog\/wp-json\/wp\/v2\/media?parent=2416"}],"wp:term":[{"taxonomy":"category","embeddable":true,"href":"https:\/\/www.imentia.com\/blog\/wp-json\/wp\/v2\/categories?post=2416"},{"taxonomy":"post_tag","embeddable":true,"href":"https:\/\/www.imentia.com\/blog\/wp-json\/wp\/v2\/tags?post=2416"}],"curies":[{"name":"wp","href":"https:\/\/api.w.org\/{rel}","templated":true}]}}