{"id":1910,"date":"2021-08-08T10:09:00","date_gmt":"2021-08-08T09:09:00","guid":{"rendered":"http:\/\/www.imentia.com\/blog\/?p=1910"},"modified":"2021-08-05T11:49:27","modified_gmt":"2021-08-05T10:49:27","slug":"relacionan-una-progresion-acelerada-del-alzheimer-con-haber-padecido-coronavirus","status":"publish","type":"post","link":"https:\/\/www.imentia.com\/blog\/relacionan-una-progresion-acelerada-del-alzheimer-con-haber-padecido-coronavirus\/","title":{"rendered":"Relacionan una progresi\u00f3n acelerada del Alzheimer con haber padecido coronavirus"},"content":{"rendered":"\n<h4>Una investigaci\u00f3n de&nbsp;la Conferencia Internacional de la Asociaci\u00f3n de Alzheimer ha encontrado&nbsp;relaci\u00f3n de una progresi\u00f3n acelerada del Alzheimer con haber padecido coronavirus.<\/h4>\n\n\n\n<p>Muchas personas con el virus experimentan&nbsp;s\u00edntomas como d\u00e9ficits cognitivos y de atenci\u00f3n, adem\u00e1s de&nbsp;p\u00e9rdida del olfato y del gusto. Los investigadores est\u00e1n trabajando para entender los mecanismos por los que se produce esta disfunci\u00f3n cerebral. Esto relaciona <a href=\"https:\/\/www.alz.org\/alzheimer-demencia\/que-es-la-enfermedad-de-alzheimer?lang=es-MX#:~:text=El%20Alzheimer%20es%20una%20enfermedad,conversaci%C3%B3n%20y%20responder%20al%20entorno.\">Alzheimer<\/a> con haber padecido coronavirus<\/p>\n\n\n\n<p>Los primeros resultados de esta investigaci\u00f3n indican que&nbsp;los adultos mayores sufren con frecuencia un deterioro cognitivo persistente despu\u00e9s de haber pasado covid-19.<\/p>\n\n\n\n<p>Los individuos que experimentan un deterioro cognitivo tras la infecci\u00f3n por COVID-19 eran m\u00e1s propensos a tener una mala condici\u00f3n f\u00edsica general.<\/p>\n\n\n\n<p>\u00abEstos nuevos datos apuntan a tendencias preocupantes que muestran que las infecciones por COVID-19 conducen a un\u00a0deterioro cognitivo duradero e incluso a s\u00edntomas de alzh\u00e9imer\u00bb, indica la doctora Heather M. Snyder, vicepresidenta de relaciones m\u00e9dicas y cient\u00edficas de la Asociaci\u00f3n de Alzheimer.<\/p>\n\n\n\n<p>\u00abEstamos empezando a ver conexiones claras entre la COVID-19 y los problemas de cognici\u00f3n meses despu\u00e9s de la infecci\u00f3n\u00bb. Han indicado los investigadores.<\/p>\n\n\n\n<h4>IMENTIA<\/h4>\n\n\n\n<p>As\u00ed como la reducci\u00f3n de Tau se considera una terapia alternativa para los pacientes con Alzheimer. Tambi\u00e9n existen otros m\u00e9todos igual de efectivos, pero que se basan en el uso de las&nbsp;<a href=\"http:\/\/www.imentia.com\/blog\/tecnologia-para-el-alzheimer\/\">Nuevas Tecnolog\u00edas<\/a>&nbsp;para el mismo fin.&nbsp;<a href=\"http:\/\/www.imentia.com\/blog\/imentia-app-pacientes-alzheimer\/\">IMENTIA<\/a>&nbsp;es un excelente ejemplo de ello, la cual es una Web\/App de&nbsp;<a href=\"http:\/\/www.imentia.com\/blog\/estimulacion-cognitiva-alzheimer\/\">desarrollo cognitivo<\/a>, destinada a mejorar a personas con Alzehimer. A trav\u00e9s de actividades de destreza mental que mejoran las diferentes funciones cerebrales.<\/p>\n\n\n\n<p>IMENTIA, ofrece dos variaciones de la App. IMENTIA Family, que permite la participaci\u00f3n de los familiares y amigos, e IMENTIA Pro, una herramienta para los profesionales de la salud donde los especialistas pueden evaluar a sus pacientes, bas\u00e1ndose en los ejercicios previamente realizados, de forma individual de acuerdo a cada caso.<\/p>\n","protected":false},"excerpt":{"rendered":"<p>Una investigaci\u00f3n de&nbsp;la Conferencia Internacional de la Asociaci\u00f3n de Alzheimer ha encontrado&nbsp;relaci\u00f3n de una progresi\u00f3n acelerada del Alzheimer con haber padecido coronavirus. Muchas personas con el virus experimentan&nbsp;s\u00edntomas como d\u00e9ficits cognitivos y de atenci\u00f3n, adem\u00e1s de&nbsp;p\u00e9rdida del olfato y del gusto. Los investigadores est\u00e1n trabajando para entender los mecanismos por los que se produce esta [&hellip;]<\/p>\n","protected":false},"author":1,"featured_media":421,"comment_status":"closed","ping_status":"open","sticky":false,"template":"","format":"standard","meta":[],"categories":[3],"tags":[],"_links":{"self":[{"href":"https:\/\/www.imentia.com\/blog\/wp-json\/wp\/v2\/posts\/1910"}],"collection":[{"href":"https:\/\/www.imentia.com\/blog\/wp-json\/wp\/v2\/posts"}],"about":[{"href":"https:\/\/www.imentia.com\/blog\/wp-json\/wp\/v2\/types\/post"}],"author":[{"embeddable":true,"href":"https:\/\/www.imentia.com\/blog\/wp-json\/wp\/v2\/users\/1"}],"replies":[{"embeddable":true,"href":"https:\/\/www.imentia.com\/blog\/wp-json\/wp\/v2\/comments?post=1910"}],"version-history":[{"count":5,"href":"https:\/\/www.imentia.com\/blog\/wp-json\/wp\/v2\/posts\/1910\/revisions"}],"predecessor-version":[{"id":1917,"href":"https:\/\/www.imentia.com\/blog\/wp-json\/wp\/v2\/posts\/1910\/revisions\/1917"}],"wp:featuredmedia":[{"embeddable":true,"href":"https:\/\/www.imentia.com\/blog\/wp-json\/wp\/v2\/media\/421"}],"wp:attachment":[{"href":"https:\/\/www.imentia.com\/blog\/wp-json\/wp\/v2\/media?parent=1910"}],"wp:term":[{"taxonomy":"category","embeddable":true,"href":"https:\/\/www.imentia.com\/blog\/wp-json\/wp\/v2\/categories?post=1910"},{"taxonomy":"post_tag","embeddable":true,"href":"https:\/\/www.imentia.com\/blog\/wp-json\/wp\/v2\/tags?post=1910"}],"curies":[{"name":"wp","href":"https:\/\/api.w.org\/{rel}","templated":true}]}}